{"id":15645,"date":"2018-05-28T09:10:16","date_gmt":"2018-05-28T07:10:16","guid":{"rendered":"http:\/\/www.elmundodelosasi.org\/?p=15645"},"modified":"2019-07-12T10:26:53","modified_gmt":"2019-07-12T08:26:53","slug":"sara-dependiamos-de-el-para-la-economia-de-la-casa","status":"publish","type":"post","link":"https:\/\/www.elmundodelosasi.org\/ca\/2018\/05\/28\/sara-dependiamos-de-el-para-la-economia-de-la-casa\/","title":{"rendered":"Sara:  &#8220;Depend\u00edamos de \u00e9l para la econom\u00eda de la casa&#8221;"},"content":{"rendered":"\n<p>Una de cada cinco v\u00edctimas de&nbsp;<a href=\"http:\/\/www.lasexta.com\/temas\/abusos_sexuales-1\" target=\"_blank\" rel=\"noreferrer noopener\"><strong>abusos sexuales<\/strong><\/a>&nbsp;infantiles no lo cuenta. La campa\u00f1a &#8216;No te calles, cu\u00e9ntalo&#8217; nace precisamente para evitarlo: son gu\u00edas, libros para&nbsp;<a href=\"http:\/\/www.lasexta.com\/temas\/menor-1\" target=\"_blank\" rel=\"noreferrer noopener\"><strong>ni\u00f1os<\/strong><\/a>&#8230; herramientas para educarlos a romper el silencio. As\u00ed fue el caso de Sara, que sufri\u00f3 a\u00f1os de abusos cuando era una ni\u00f1a: hasta los 21 no tuvo fuerzas para denunciarlo.<\/p>\n\n\n\n<p>Durante seis a\u00f1os vivi\u00f3 un tormento en su propia casa, fue el tiempo en el que Sara Berga cuenta que&nbsp;<strong>sufri\u00f3 los abusos sexuales de su padrastro<\/strong>. Nunca se atrevi\u00f3 a denunciarlo: &#8220;Depend\u00edamos de \u00e9l para la econom\u00eda de casa y yo sab\u00eda que estaba con mi madre por m\u00ed. Sab\u00eda que si dec\u00eda algo, mi madre se quedaba en la calle con un ni\u00f1o peque\u00f1o&#8221;.<\/p>\n\n\n\n<p>Su silencio se rompi\u00f3 al cumplir los 21 a\u00f1os, cuando ya se hab\u00eda independizado y ten\u00eda pareja. &#8220;<strong>No estaba empoderada<\/strong>, no pod\u00eda hablar del tema y envi\u00e9 un mail&#8221;, a\u00f1ade Sara.<\/p>\n\n\n\n<p>Alexandra Membrive fue v\u00edctima tambi\u00e9n de los abusos con s\u00f3lo nueve a\u00f1os.&nbsp;<strong>Tuvo que esperar a ser adulta para poder echarle valor frente a su madre<\/strong>. &#8220;Fue un alivio tremendo&#8221;, apunta.<\/p>\n\n\n\n<p>En Espa\u00f1a,&nbsp;<strong>uno de cada cinco casos de abusos sexuales infantiles no se denuncia<\/strong>&nbsp;seg\u00fan el \u00faltimo informe de la Fundaci\u00f3n ANAR. En los \u00faltimos ocho a\u00f1os, estas agresiones se han multiplicado por tres.<\/p>\n\n\n\n<p><strong>La edad media de las v\u00edctimas es de diez a\u00f1os<\/strong>&nbsp;y en 75% de las ocasiones son ni\u00f1as. La mayor\u00eda se producen en el entorno familiar. El padre es el agresor en uno de cada tres casos.<\/p>\n\n\n\n<p>A trav\u00e9s de la campa\u00f1a &#8216;No te calles&#8217;, la fundaci\u00f3n Edelvives pretende ofrecer a los padres<strong>herramientas como gu\u00edas infantiles<\/strong>&nbsp;para saber c\u00f3mo actuar ante este tipo de violencia.<\/p>\n\n\n\n<p>Juan Pedro Castellano, director de la &#8216;Fundaci\u00f3n Edelvives&#8217;, explica que trabajan &#8220;para que los j\u00f3venes\u00a0<strong>puedan denunciarlo<\/strong>\u00a0y haya la posibilidad de actuar&#8221;. Insisten s\u00f3lo as\u00ed puede erradicar este ataque contra la infancia.<\/p>\n\n\n\n<p class=\"has-small-font-size\">Fuente: <a href=\"https:\/\/www.lasexta.com\/noticias\/sociedad\/la-dura-historia-de-sara-sufrio-los-abusos-sexuales-de-su-padrastro-durante-anos-dependiamos-de-el-para-la-economia-de-la-casa_201805185afedf160cf2a8a541b46d40.html\">https:\/\/www.lasexta.com\/noticias\/sociedad\/la-dura-historia-de-sara-sufrio-los-abusos-sexuales-de-su-padrastro-durante-anos-dependiamos-de-el-para-la-economia-de-la-casa_201805185afedf160cf2a8a541b46d40.html<\/a><\/p>\n\n\n\n<p><\/p>\n","protected":false},"excerpt":{"rendered":"<p>Una de cada cinco v\u00edctimas de&nbsp;abusos sexuales&nbsp;infantiles no lo cuenta. La campa\u00f1a &#8216;No te calles, cu\u00e9ntalo&#8217; nace precisamente para evitarlo: son gu\u00edas, libros para&nbsp;ni\u00f1os&#8230; herramientas para educarlos a romper el silencio. As\u00ed fue el caso de Sara, que sufri\u00f3 a\u00f1os de abusos cuando era una ni\u00f1a: hasta los 21 no tuvo fuerzas para denunciarlo. Durante&hellip;<\/p>\n","protected":false},"author":15,"featured_media":15646,"comment_status":"closed","ping_status":"closed","sticky":false,"template":"","format":"standard","meta":{"_mi_skip_tracking":false,"_monsterinsights_sitenote_active":false,"_monsterinsights_sitenote_note":"","_monsterinsights_sitenote_category":0},"categories":[1431],"tags":[327,439,673,1301,313,9,1456,513,212],"acf":[],"yoast_head":"<!-- This site is optimized with the Yoast SEO Premium plugin v18.1 (Yoast SEO v18.3) - https:\/\/yoast.com\/wordpress\/plugins\/seo\/ -->\n<title>Sara: &quot;Depend\u00edamos de \u00e9l para la econom\u00eda de la casa&quot; | El Mundo de los ASI<\/title>\n<meta name=\"robots\" content=\"index, follow, max-snippet:-1, max-image-preview:large, max-video-preview:-1\" \/>\n<link rel=\"canonical\" href=\"https:\/\/www.elmundodelosasi.org\/ca\/2018\/05\/28\/sara-dependiamos-de-el-para-la-economia-de-la-casa\/\" \/>\n<meta property=\"og:locale\" content=\"ca_ES\" \/>\n<meta property=\"og:type\" content=\"article\" \/>\n<meta property=\"og:title\" content=\"Sara: &quot;Depend\u00edamos de \u00e9l para la econom\u00eda de la casa&quot;\" \/>\n<meta property=\"og:description\" content=\"Una de cada cinco v\u00edctimas de&nbsp;abusos sexuales&nbsp;infantiles no lo cuenta. La campa\u00f1a &#8216;No te calles, cu\u00e9ntalo&#8217; nace precisamente para evitarlo: son gu\u00edas, libros para&nbsp;ni\u00f1os&#8230; herramientas para educarlos a romper el silencio. As\u00ed fue el caso de Sara, que sufri\u00f3 a\u00f1os de abusos cuando era una ni\u00f1a: hasta los 21 no tuvo fuerzas para denunciarlo. Durante&hellip;\" \/>\n<meta property=\"og:url\" content=\"https:\/\/www.elmundodelosasi.org\/ca\/2018\/05\/28\/sara-dependiamos-de-el-para-la-economia-de-la-casa\/\" \/>\n<meta property=\"og:site_name\" content=\"El Mundo de los ASI\" \/>\n<meta property=\"article:publisher\" content=\"https:\/\/www.facebook.com\/ElMundodelosASI\" \/>\n<meta property=\"article:published_time\" content=\"2018-05-28T07:10:16+00:00\" \/>\n<meta property=\"article:modified_time\" content=\"2019-07-12T08:26:53+00:00\" \/>\n<meta property=\"og:image\" content=\"https:\/\/www.elmundodelosasi.org\/wp-content\/uploads\/2019\/07\/Sara-a-La-Sexta.jpg\" \/>\n\t<meta property=\"og:image:width\" content=\"758\" \/>\n\t<meta property=\"og:image:height\" content=\"381\" \/>\n\t<meta property=\"og:image:type\" content=\"image\/jpeg\" \/>\n<meta name=\"twitter:card\" content=\"summary_large_image\" \/>\n<meta name=\"twitter:creator\" content=\"@MundodelosASI\" \/>\n<meta name=\"twitter:site\" content=\"@MundodelosASI\" \/>\n<meta name=\"twitter:label1\" content=\"Escrit per\" \/>\n\t<meta name=\"twitter:data1\" content=\"Montse\" \/>\n\t<meta name=\"twitter:label2\" content=\"Temps estimat de lectura\" \/>\n\t<meta name=\"twitter:data2\" content=\"2 minuts\" \/>\n<script type=\"application\/ld+json\" class=\"yoast-schema-graph\">{\"@context\":\"https:\/\/schema.org\",\"@graph\":[{\"@type\":\"Organization\",\"@id\":\"https:\/\/www.elmundodelosasi.org\/ca\/#organization\",\"name\":\"Associaci\u00f3 El Mundo de los ASI\",\"url\":\"https:\/\/www.elmundodelosasi.org\/ca\/\",\"sameAs\":[\"https:\/\/www.facebook.com\/ElMundodelosASI\",\"https:\/\/www.instagram.com\/elmundodelosasi\/\",\"https:\/\/www.youtube.com\/channel\/UCS9Y2NkK7MdqcAwUSTQ5I7w\",\"https:\/\/twitter.com\/MundodelosASI\"],\"logo\":{\"@type\":\"ImageObject\",\"@id\":\"https:\/\/www.elmundodelosasi.org\/ca\/#logo\",\"inLanguage\":\"ca\",\"url\":\"https:\/\/www.elmundodelosasi.org\/wp-content\/uploads\/2020\/11\/Logo-Nom-horitzontal-fons-blanc.png\",\"contentUrl\":\"https:\/\/www.elmundodelosasi.org\/wp-content\/uploads\/2020\/11\/Logo-Nom-horitzontal-fons-blanc.png\",\"width\":954,\"height\":288,\"caption\":\"Associaci\u00f3 El Mundo de los ASI\"},\"image\":{\"@id\":\"https:\/\/www.elmundodelosasi.org\/ca\/#logo\"}},{\"@type\":\"WebSite\",\"@id\":\"https:\/\/www.elmundodelosasi.org\/ca\/#website\",\"url\":\"https:\/\/www.elmundodelosasi.org\/ca\/\",\"name\":\"El Mundo de los ASI\",\"description\":\"Asociaci\u00f3n contra el Abuso Sexual Infantil\",\"publisher\":{\"@id\":\"https:\/\/www.elmundodelosasi.org\/ca\/#organization\"},\"potentialAction\":[{\"@type\":\"SearchAction\",\"target\":{\"@type\":\"EntryPoint\",\"urlTemplate\":\"https:\/\/www.elmundodelosasi.org\/ca\/?s={search_term_string}\"},\"query-input\":\"required name=search_term_string\"}],\"inLanguage\":\"ca\"},{\"@type\":\"ImageObject\",\"@id\":\"https:\/\/www.elmundodelosasi.org\/ca\/2018\/05\/28\/sara-dependiamos-de-el-para-la-economia-de-la-casa\/#primaryimage\",\"inLanguage\":\"ca\",\"url\":\"https:\/\/www.elmundodelosasi.org\/wp-content\/uploads\/2019\/07\/Sara-a-La-Sexta.jpg\",\"contentUrl\":\"https:\/\/www.elmundodelosasi.org\/wp-content\/uploads\/2019\/07\/Sara-a-La-Sexta.jpg\",\"width\":758,\"height\":381},{\"@type\":\"WebPage\",\"@id\":\"https:\/\/www.elmundodelosasi.org\/ca\/2018\/05\/28\/sara-dependiamos-de-el-para-la-economia-de-la-casa\/#webpage\",\"url\":\"https:\/\/www.elmundodelosasi.org\/ca\/2018\/05\/28\/sara-dependiamos-de-el-para-la-economia-de-la-casa\/\",\"name\":\"Sara: \\\"Depend\u00edamos de \u00e9l para la econom\u00eda de la casa\\\" | El Mundo de los ASI\",\"isPartOf\":{\"@id\":\"https:\/\/www.elmundodelosasi.org\/ca\/#website\"},\"primaryImageOfPage\":{\"@id\":\"https:\/\/www.elmundodelosasi.org\/ca\/2018\/05\/28\/sara-dependiamos-de-el-para-la-economia-de-la-casa\/#primaryimage\"},\"datePublished\":\"2018-05-28T07:10:16+00:00\",\"dateModified\":\"2019-07-12T08:26:53+00:00\",\"breadcrumb\":{\"@id\":\"https:\/\/www.elmundodelosasi.org\/ca\/2018\/05\/28\/sara-dependiamos-de-el-para-la-economia-de-la-casa\/#breadcrumb\"},\"inLanguage\":\"ca\",\"potentialAction\":[{\"@type\":\"ReadAction\",\"target\":[\"https:\/\/www.elmundodelosasi.org\/ca\/2018\/05\/28\/sara-dependiamos-de-el-para-la-economia-de-la-casa\/\"]}]},{\"@type\":\"BreadcrumbList\",\"@id\":\"https:\/\/www.elmundodelosasi.org\/ca\/2018\/05\/28\/sara-dependiamos-de-el-para-la-economia-de-la-casa\/#breadcrumb\",\"itemListElement\":[{\"@type\":\"ListItem\",\"position\":1,\"name\":\"Portada\",\"item\":\"https:\/\/www.elmundodelosasi.org\/ca\/\"},{\"@type\":\"ListItem\",\"position\":2,\"name\":\"Sara: &#8220;Depend\u00edamos de \u00e9l para la econom\u00eda de la casa&#8221;\"}]},{\"@type\":\"Article\",\"@id\":\"https:\/\/www.elmundodelosasi.org\/ca\/2018\/05\/28\/sara-dependiamos-de-el-para-la-economia-de-la-casa\/#article\",\"isPartOf\":{\"@id\":\"https:\/\/www.elmundodelosasi.org\/ca\/2018\/05\/28\/sara-dependiamos-de-el-para-la-economia-de-la-casa\/#webpage\"},\"author\":{\"@id\":\"https:\/\/www.elmundodelosasi.org\/ca\/#\/schema\/person\/d14a2757ff3ae55a8e6d919ab60ac74e\"},\"headline\":\"Sara: &#8220;Depend\u00edamos de \u00e9l para la econom\u00eda de la casa&#8221;\",\"datePublished\":\"2018-05-28T07:10:16+00:00\",\"dateModified\":\"2019-07-12T08:26:53+00:00\",\"mainEntityOfPage\":{\"@id\":\"https:\/\/www.elmundodelosasi.org\/ca\/2018\/05\/28\/sara-dependiamos-de-el-para-la-economia-de-la-casa\/#webpage\"},\"wordCount\":390,\"publisher\":{\"@id\":\"https:\/\/www.elmundodelosasi.org\/ca\/#organization\"},\"image\":{\"@id\":\"https:\/\/www.elmundodelosasi.org\/ca\/2018\/05\/28\/sara-dependiamos-de-el-para-la-economia-de-la-casa\/#primaryimage\"},\"thumbnailUrl\":\"https:\/\/www.elmundodelosasi.org\/wp-content\/uploads\/2019\/07\/Sara-a-La-Sexta.jpg\",\"keywords\":[\"Abuso Sexual\",\"Asociaci\u00f3n\",\"Barcelona\",\"El Mundo de los ASI\",\"Entrevista\",\"Infantil\",\"Sara Berga\",\"Superviviente\",\"Testimonio\"],\"articleSection\":[\"Art\u00edculos Entrevistas de la Asociaci\u00f3n\"],\"inLanguage\":\"ca\"},{\"@type\":\"Person\",\"@id\":\"https:\/\/www.elmundodelosasi.org\/ca\/#\/schema\/person\/d14a2757ff3ae55a8e6d919ab60ac74e\",\"name\":\"Montse\",\"image\":{\"@type\":\"ImageObject\",\"@id\":\"https:\/\/www.elmundodelosasi.org\/ca\/#personlogo\",\"inLanguage\":\"ca\",\"url\":\"https:\/\/secure.gravatar.com\/avatar\/6761cf591457e2c5f3f2ce715ea7dd33?s=96&d=mm&r=g\",\"contentUrl\":\"https:\/\/secure.gravatar.com\/avatar\/6761cf591457e2c5f3f2ce715ea7dd33?s=96&d=mm&r=g\",\"caption\":\"Montse\"}}]}<\/script>\n<!-- \/ Yoast SEO Premium plugin. -->","yoast_head_json":{"title":"Sara: \"Depend\u00edamos de \u00e9l para la econom\u00eda de la casa\" | El Mundo de los ASI","robots":{"index":"index","follow":"follow","max-snippet":"max-snippet:-1","max-image-preview":"max-image-preview:large","max-video-preview":"max-video-preview:-1"},"canonical":"https:\/\/www.elmundodelosasi.org\/ca\/2018\/05\/28\/sara-dependiamos-de-el-para-la-economia-de-la-casa\/","og_locale":"ca_ES","og_type":"article","og_title":"Sara: \"Depend\u00edamos de \u00e9l para la econom\u00eda de la casa\"","og_description":"Una de cada cinco v\u00edctimas de&nbsp;abusos sexuales&nbsp;infantiles no lo cuenta. La campa\u00f1a &#8216;No te calles, cu\u00e9ntalo&#8217; nace precisamente para evitarlo: son gu\u00edas, libros para&nbsp;ni\u00f1os&#8230; herramientas para educarlos a romper el silencio. As\u00ed fue el caso de Sara, que sufri\u00f3 a\u00f1os de abusos cuando era una ni\u00f1a: hasta los 21 no tuvo fuerzas para denunciarlo. Durante&hellip;","og_url":"https:\/\/www.elmundodelosasi.org\/ca\/2018\/05\/28\/sara-dependiamos-de-el-para-la-economia-de-la-casa\/","og_site_name":"El Mundo de los ASI","article_publisher":"https:\/\/www.facebook.com\/ElMundodelosASI","article_published_time":"2018-05-28T07:10:16+00:00","article_modified_time":"2019-07-12T08:26:53+00:00","og_image":[{"width":758,"height":381,"url":"https:\/\/www.elmundodelosasi.org\/wp-content\/uploads\/2019\/07\/Sara-a-La-Sexta.jpg","type":"image\/jpeg"}],"twitter_card":"summary_large_image","twitter_creator":"@MundodelosASI","twitter_site":"@MundodelosASI","twitter_misc":{"Escrit per":"Montse","Temps estimat de lectura":"2 minuts"},"schema":{"@context":"https:\/\/schema.org","@graph":[{"@type":"Organization","@id":"https:\/\/www.elmundodelosasi.org\/ca\/#organization","name":"Associaci\u00f3 El Mundo de los ASI","url":"https:\/\/www.elmundodelosasi.org\/ca\/","sameAs":["https:\/\/www.facebook.com\/ElMundodelosASI","https:\/\/www.instagram.com\/elmundodelosasi\/","https:\/\/www.youtube.com\/channel\/UCS9Y2NkK7MdqcAwUSTQ5I7w","https:\/\/twitter.com\/MundodelosASI"],"logo":{"@type":"ImageObject","@id":"https:\/\/www.elmundodelosasi.org\/ca\/#logo","inLanguage":"ca","url":"https:\/\/www.elmundodelosasi.org\/wp-content\/uploads\/2020\/11\/Logo-Nom-horitzontal-fons-blanc.png","contentUrl":"https:\/\/www.elmundodelosasi.org\/wp-content\/uploads\/2020\/11\/Logo-Nom-horitzontal-fons-blanc.png","width":954,"height":288,"caption":"Associaci\u00f3 El Mundo de los ASI"},"image":{"@id":"https:\/\/www.elmundodelosasi.org\/ca\/#logo"}},{"@type":"WebSite","@id":"https:\/\/www.elmundodelosasi.org\/ca\/#website","url":"https:\/\/www.elmundodelosasi.org\/ca\/","name":"El Mundo de los ASI","description":"Asociaci\u00f3n contra el Abuso Sexual Infantil","publisher":{"@id":"https:\/\/www.elmundodelosasi.org\/ca\/#organization"},"potentialAction":[{"@type":"SearchAction","target":{"@type":"EntryPoint","urlTemplate":"https:\/\/www.elmundodelosasi.org\/ca\/?s={search_term_string}"},"query-input":"required name=search_term_string"}],"inLanguage":"ca"},{"@type":"ImageObject","@id":"https:\/\/www.elmundodelosasi.org\/ca\/2018\/05\/28\/sara-dependiamos-de-el-para-la-economia-de-la-casa\/#primaryimage","inLanguage":"ca","url":"https:\/\/www.elmundodelosasi.org\/wp-content\/uploads\/2019\/07\/Sara-a-La-Sexta.jpg","contentUrl":"https:\/\/www.elmundodelosasi.org\/wp-content\/uploads\/2019\/07\/Sara-a-La-Sexta.jpg","width":758,"height":381},{"@type":"WebPage","@id":"https:\/\/www.elmundodelosasi.org\/ca\/2018\/05\/28\/sara-dependiamos-de-el-para-la-economia-de-la-casa\/#webpage","url":"https:\/\/www.elmundodelosasi.org\/ca\/2018\/05\/28\/sara-dependiamos-de-el-para-la-economia-de-la-casa\/","name":"Sara: \"Depend\u00edamos de \u00e9l para la econom\u00eda de la casa\" | El Mundo de los ASI","isPartOf":{"@id":"https:\/\/www.elmundodelosasi.org\/ca\/#website"},"primaryImageOfPage":{"@id":"https:\/\/www.elmundodelosasi.org\/ca\/2018\/05\/28\/sara-dependiamos-de-el-para-la-economia-de-la-casa\/#primaryimage"},"datePublished":"2018-05-28T07:10:16+00:00","dateModified":"2019-07-12T08:26:53+00:00","breadcrumb":{"@id":"https:\/\/www.elmundodelosasi.org\/ca\/2018\/05\/28\/sara-dependiamos-de-el-para-la-economia-de-la-casa\/#breadcrumb"},"inLanguage":"ca","potentialAction":[{"@type":"ReadAction","target":["https:\/\/www.elmundodelosasi.org\/ca\/2018\/05\/28\/sara-dependiamos-de-el-para-la-economia-de-la-casa\/"]}]},{"@type":"BreadcrumbList","@id":"https:\/\/www.elmundodelosasi.org\/ca\/2018\/05\/28\/sara-dependiamos-de-el-para-la-economia-de-la-casa\/#breadcrumb","itemListElement":[{"@type":"ListItem","position":1,"name":"Portada","item":"https:\/\/www.elmundodelosasi.org\/ca\/"},{"@type":"ListItem","position":2,"name":"Sara: &#8220;Depend\u00edamos de \u00e9l para la econom\u00eda de la casa&#8221;"}]},{"@type":"Article","@id":"https:\/\/www.elmundodelosasi.org\/ca\/2018\/05\/28\/sara-dependiamos-de-el-para-la-economia-de-la-casa\/#article","isPartOf":{"@id":"https:\/\/www.elmundodelosasi.org\/ca\/2018\/05\/28\/sara-dependiamos-de-el-para-la-economia-de-la-casa\/#webpage"},"author":{"@id":"https:\/\/www.elmundodelosasi.org\/ca\/#\/schema\/person\/d14a2757ff3ae55a8e6d919ab60ac74e"},"headline":"Sara: &#8220;Depend\u00edamos de \u00e9l para la econom\u00eda de la casa&#8221;","datePublished":"2018-05-28T07:10:16+00:00","dateModified":"2019-07-12T08:26:53+00:00","mainEntityOfPage":{"@id":"https:\/\/www.elmundodelosasi.org\/ca\/2018\/05\/28\/sara-dependiamos-de-el-para-la-economia-de-la-casa\/#webpage"},"wordCount":390,"publisher":{"@id":"https:\/\/www.elmundodelosasi.org\/ca\/#organization"},"image":{"@id":"https:\/\/www.elmundodelosasi.org\/ca\/2018\/05\/28\/sara-dependiamos-de-el-para-la-economia-de-la-casa\/#primaryimage"},"thumbnailUrl":"https:\/\/www.elmundodelosasi.org\/wp-content\/uploads\/2019\/07\/Sara-a-La-Sexta.jpg","keywords":["Abuso Sexual","Asociaci\u00f3n","Barcelona","El Mundo de los ASI","Entrevista","Infantil","Sara Berga","Superviviente","Testimonio"],"articleSection":["Art\u00edculos Entrevistas de la Asociaci\u00f3n"],"inLanguage":"ca"},{"@type":"Person","@id":"https:\/\/www.elmundodelosasi.org\/ca\/#\/schema\/person\/d14a2757ff3ae55a8e6d919ab60ac74e","name":"Montse","image":{"@type":"ImageObject","@id":"https:\/\/www.elmundodelosasi.org\/ca\/#personlogo","inLanguage":"ca","url":"https:\/\/secure.gravatar.com\/avatar\/6761cf591457e2c5f3f2ce715ea7dd33?s=96&d=mm&r=g","contentUrl":"https:\/\/secure.gravatar.com\/avatar\/6761cf591457e2c5f3f2ce715ea7dd33?s=96&d=mm&r=g","caption":"Montse"}}]}},"_links":{"self":[{"href":"https:\/\/www.elmundodelosasi.org\/ca\/wp-json\/wp\/v2\/posts\/15645"}],"collection":[{"href":"https:\/\/www.elmundodelosasi.org\/ca\/wp-json\/wp\/v2\/posts"}],"about":[{"href":"https:\/\/www.elmundodelosasi.org\/ca\/wp-json\/wp\/v2\/types\/post"}],"author":[{"embeddable":true,"href":"https:\/\/www.elmundodelosasi.org\/ca\/wp-json\/wp\/v2\/users\/15"}],"replies":[{"embeddable":true,"href":"https:\/\/www.elmundodelosasi.org\/ca\/wp-json\/wp\/v2\/comments?post=15645"}],"version-history":[{"count":2,"href":"https:\/\/www.elmundodelosasi.org\/ca\/wp-json\/wp\/v2\/posts\/15645\/revisions"}],"predecessor-version":[{"id":15650,"href":"https:\/\/www.elmundodelosasi.org\/ca\/wp-json\/wp\/v2\/posts\/15645\/revisions\/15650"}],"wp:featuredmedia":[{"embeddable":true,"href":"https:\/\/www.elmundodelosasi.org\/ca\/wp-json\/wp\/v2\/media\/15646"}],"wp:attachment":[{"href":"https:\/\/www.elmundodelosasi.org\/ca\/wp-json\/wp\/v2\/media?parent=15645"}],"wp:term":[{"taxonomy":"category","embeddable":true,"href":"https:\/\/www.elmundodelosasi.org\/ca\/wp-json\/wp\/v2\/categories?post=15645"},{"taxonomy":"post_tag","embeddable":true,"href":"https:\/\/www.elmundodelosasi.org\/ca\/wp-json\/wp\/v2\/tags?post=15645"}],"curies":[{"name":"wp","href":"https:\/\/api.w.org\/{rel}","templated":true}]}}